{"id":965,"date":"2025-11-09T21:31:24","date_gmt":"2025-11-09T20:31:24","guid":{"rendered":"https:\/\/www.tushuesten.de\/web\/?p=965"},"modified":"2025-11-09T21:31:24","modified_gmt":"2025-11-09T20:31:24","slug":"kinderturntag-2025","status":"publish","type":"post","link":"https:\/\/www.tushuesten.de\/web\/2025\/11\/09\/kinderturntag-2025\/","title":{"rendered":"Kinderturntag 2025"},"content":{"rendered":"<p><a href=\"https:\/\/www.tushuesten.de\/web\/wp-content\/uploads\/2025\/11\/Polish_20251108_193128697-scaled.jpg\"><img decoding=\"async\" loading=\"lazy\" class=\"alignnone size-full wp-image-966\" src=\"https:\/\/www.tushuesten.de\/web\/wp-content\/uploads\/2025\/11\/Polish_20251108_193128697-scaled.jpg\" alt=\"\" width=\"1706\" height=\"2560\" srcset=\"https:\/\/www.tushuesten.de\/web\/wp-content\/uploads\/2025\/11\/Polish_20251108_193128697-scaled.jpg 1706w, https:\/\/www.tushuesten.de\/web\/wp-content\/uploads\/2025\/11\/Polish_20251108_193128697-200x300.jpg 200w, https:\/\/www.tushuesten.de\/web\/wp-content\/uploads\/2025\/11\/Polish_20251108_193128697-683x1024.jpg 683w, https:\/\/www.tushuesten.de\/web\/wp-content\/uploads\/2025\/11\/Polish_20251108_193128697-768x1152.jpg 768w, https:\/\/www.tushuesten.de\/web\/wp-content\/uploads\/2025\/11\/Polish_20251108_193128697-1024x1536.jpg 1024w, https:\/\/www.tushuesten.de\/web\/wp-content\/uploads\/2025\/11\/Polish_20251108_193128697-1365x2048.jpg 1365w\" sizes=\"(max-width: 1706px) 100vw, 1706px\" \/><\/a><\/p>\n<p><a href=\"https:\/\/www.tushuesten.de\/web\/wp-content\/uploads\/2025\/11\/Polish_20251108_195707388.jpg\"><img decoding=\"async\" loading=\"lazy\" class=\"alignnone size-full wp-image-967\" src=\"https:\/\/www.tushuesten.de\/web\/wp-content\/uploads\/2025\/11\/Polish_20251108_195707388.jpg\" alt=\"\" width=\"1638\" height=\"2457\" srcset=\"https:\/\/www.tushuesten.de\/web\/wp-content\/uploads\/2025\/11\/Polish_20251108_195707388.jpg 1638w, https:\/\/www.tushuesten.de\/web\/wp-content\/uploads\/2025\/11\/Polish_20251108_195707388-200x300.jpg 200w, https:\/\/www.tushuesten.de\/web\/wp-content\/uploads\/2025\/11\/Polish_20251108_195707388-683x1024.jpg 683w, https:\/\/www.tushuesten.de\/web\/wp-content\/uploads\/2025\/11\/Polish_20251108_195707388-768x1152.jpg 768w, https:\/\/www.tushuesten.de\/web\/wp-content\/uploads\/2025\/11\/Polish_20251108_195707388-1024x1536.jpg 1024w, https:\/\/www.tushuesten.de\/web\/wp-content\/uploads\/2025\/11\/Polish_20251108_195707388-1365x2048.jpg 1365w\" sizes=\"(max-width: 1638px) 100vw, 1638px\" \/><\/a><\/p>\n<p><a href=\"https:\/\/www.tushuesten.de\/web\/wp-content\/uploads\/2025\/11\/Polish_20251108_193357813.jpg\"><img decoding=\"async\" loading=\"lazy\" class=\"alignnone size-full wp-image-968\" src=\"https:\/\/www.tushuesten.de\/web\/wp-content\/uploads\/2025\/11\/Polish_20251108_193357813.jpg\" alt=\"\" width=\"1638\" height=\"2457\" srcset=\"https:\/\/www.tushuesten.de\/web\/wp-content\/uploads\/2025\/11\/Polish_20251108_193357813.jpg 1638w, https:\/\/www.tushuesten.de\/web\/wp-content\/uploads\/2025\/11\/Polish_20251108_193357813-200x300.jpg 200w, https:\/\/www.tushuesten.de\/web\/wp-content\/uploads\/2025\/11\/Polish_20251108_193357813-683x1024.jpg 683w, https:\/\/www.tushuesten.de\/web\/wp-content\/uploads\/2025\/11\/Polish_20251108_193357813-768x1152.jpg 768w, https:\/\/www.tushuesten.de\/web\/wp-content\/uploads\/2025\/11\/Polish_20251108_193357813-1024x1536.jpg 1024w, https:\/\/www.tushuesten.de\/web\/wp-content\/uploads\/2025\/11\/Polish_20251108_193357813-1365x2048.jpg 1365w\" sizes=\"(max-width: 1638px) 100vw, 1638px\" \/><\/a><\/p>\n<p>Gestern fand der Tag des Kinderturnens- Kinder Joy of moving statt. Im Vorfeld wurde uns nach erfolgreicher Anmeldung ein tolles Materialpaket zugeschickt.<br \/>\nInsgesamt 47 Kinder im Alter von ca.3 bis 7 Jahren nahmen das Angebot an einmal tierisch um die Welt zu turnen. An verschiedensten Stationen konnten sie sich turnerisch ausprobieren und sogar neue Bewegungserfahrungen machen. Nach erfolgreicher Teilnahme bekam jedes Kind zur Erinnerung eine Urkunde, einen B\u00fcgelaufkleber und ein Tiertattoo.So wurde sehr zufrieden die Halle verlassen. F\u00fcr das \u00dcbungsleiterteam und dem Vereinsvorstand war es ein gelungener Tag.<\/p>\n<p>Kinder entdecken die Welt in und durch Bewegung. Wie keine andere Sportart f\u00f6rdert das Kinderturnen vielseitig und umfassend alle wichtigen motorischen Grundfertigkeiten und -f\u00e4higkeiten wie Laufen, Springen, Werfen oder Rollen. Kinderturnen als die motorische Grundlagenausbildung tr\u00e4gt zur gesunden Entwicklung von Kindern bei. Seit 2020 ist die Ferrero-Initiative kinder Joy of Moving offizieller Partner des DTB im Kinderturnen.<br \/>\nGemeinsam m\u00f6chten der DTB und kinder Joy of Moving Kinder f\u00fcr mehr Bewegung motivieren und den Turnsport bekannter machen<\/p>\n","protected":false},"excerpt":{"rendered":"<p>Gestern fand der Tag des Kinderturnens- Kinder Joy of moving statt. Im Vorfeld wurde uns nach erfolgreicher Anmeldung ein tolles Materialpaket zugeschickt. Insgesamt 47 Kinder im Alter von ca.3 bis 7 Jahren nahmen das Angebot<\/p>\n","protected":false},"author":2,"featured_media":0,"comment_status":"closed","ping_status":"closed","sticky":false,"template":"","format":"standard","meta":[],"categories":[1],"tags":[],"_links":{"self":[{"href":"https:\/\/www.tushuesten.de\/web\/wp-json\/wp\/v2\/posts\/965"}],"collection":[{"href":"https:\/\/www.tushuesten.de\/web\/wp-json\/wp\/v2\/posts"}],"about":[{"href":"https:\/\/www.tushuesten.de\/web\/wp-json\/wp\/v2\/types\/post"}],"author":[{"embeddable":true,"href":"https:\/\/www.tushuesten.de\/web\/wp-json\/wp\/v2\/users\/2"}],"replies":[{"embeddable":true,"href":"https:\/\/www.tushuesten.de\/web\/wp-json\/wp\/v2\/comments?post=965"}],"version-history":[{"count":1,"href":"https:\/\/www.tushuesten.de\/web\/wp-json\/wp\/v2\/posts\/965\/revisions"}],"predecessor-version":[{"id":969,"href":"https:\/\/www.tushuesten.de\/web\/wp-json\/wp\/v2\/posts\/965\/revisions\/969"}],"wp:attachment":[{"href":"https:\/\/www.tushuesten.de\/web\/wp-json\/wp\/v2\/media?parent=965"}],"wp:term":[{"taxonomy":"category","embeddable":true,"href":"https:\/\/www.tushuesten.de\/web\/wp-json\/wp\/v2\/categories?post=965"},{"taxonomy":"post_tag","embeddable":true,"href":"https:\/\/www.tushuesten.de\/web\/wp-json\/wp\/v2\/tags?post=965"}],"curies":[{"name":"wp","href":"https:\/\/api.w.org\/{rel}","templated":true}]}}