{"id":949,"date":"2025-09-26T20:12:27","date_gmt":"2025-09-26T18:12:27","guid":{"rendered":"https:\/\/www.tushuesten.de\/web\/?p=949"},"modified":"2025-09-26T20:12:27","modified_gmt":"2025-09-26T18:12:27","slug":"baumpflanzchallenge-2025","status":"publish","type":"post","link":"https:\/\/www.tushuesten.de\/web\/2025\/09\/26\/baumpflanzchallenge-2025\/","title":{"rendered":"BAUMPFLANZCHALLENGE 2025"},"content":{"rendered":"<p>&nbsp;<\/p>\n<blockquote><p><a href=\"https:\/\/www.tushuesten.de\/web\/wp-content\/uploads\/2025\/09\/Polish_20250926_193325662.jpg\"><img decoding=\"async\" loading=\"lazy\" class=\"size-full wp-image-950 aligncenter\" src=\"https:\/\/www.tushuesten.de\/web\/wp-content\/uploads\/2025\/09\/Polish_20250926_193325662.jpg\" alt=\"\" width=\"1638\" height=\"2457\" srcset=\"https:\/\/www.tushuesten.de\/web\/wp-content\/uploads\/2025\/09\/Polish_20250926_193325662.jpg 1638w, https:\/\/www.tushuesten.de\/web\/wp-content\/uploads\/2025\/09\/Polish_20250926_193325662-200x300.jpg 200w, https:\/\/www.tushuesten.de\/web\/wp-content\/uploads\/2025\/09\/Polish_20250926_193325662-683x1024.jpg 683w, https:\/\/www.tushuesten.de\/web\/wp-content\/uploads\/2025\/09\/Polish_20250926_193325662-768x1152.jpg 768w, https:\/\/www.tushuesten.de\/web\/wp-content\/uploads\/2025\/09\/Polish_20250926_193325662-1024x1536.jpg 1024w, https:\/\/www.tushuesten.de\/web\/wp-content\/uploads\/2025\/09\/Polish_20250926_193325662-1365x2048.jpg 1365w\" sizes=\"(max-width: 1638px) 100vw, 1638px\" \/><\/a><\/p>\n<p style=\"text-align: left;\">Danke an den KKV-H\u00fcsten f\u00fcr die Nominierung zur #Baumpflanzchallenge 2025. Im Rahmen dieser Aktion haben wir heute einen Apfelbaum auf dem Au\u00dfengel\u00e4nde der Kindertageseinrichtung Kr\u00fcmelkiste in H\u00fcsten gepflanzt. Auf das sich demn\u00e4chst viele Kinder an den \u00c4pfeln erfreuen.<\/p>\n<p style=\"text-align: left;\">Wir nominieren @ttvneheimhuesten, @markt_5 und @hagelstein_rettungsdienst<\/p>\n<p style=\"text-align: left;\">Und so gehts:<br \/>\nBaum Pflanzen \ud83c\udf33<br \/>\nBild oder Video hochladen \ud83d\udcf8<br \/>\n3 weitere Nominierungen benennen @<\/p>\n<p style=\"text-align: left;\">Wir freuen uns \u00fcber jeden einzelnen Baum der noch gepflanzt wird \ud83d\ude42<\/p>\n<\/blockquote>\n","protected":false},"excerpt":{"rendered":"<p>&nbsp; Danke an den KKV-H\u00fcsten f\u00fcr die Nominierung zur #Baumpflanzchallenge 2025. Im Rahmen dieser Aktion haben wir heute einen Apfelbaum auf dem Au\u00dfengel\u00e4nde der Kindertageseinrichtung Kr\u00fcmelkiste in H\u00fcsten gepflanzt. Auf das sich demn\u00e4chst viele Kinder<\/p>\n","protected":false},"author":2,"featured_media":0,"comment_status":"closed","ping_status":"closed","sticky":false,"template":"","format":"standard","meta":[],"categories":[1],"tags":[],"_links":{"self":[{"href":"https:\/\/www.tushuesten.de\/web\/wp-json\/wp\/v2\/posts\/949"}],"collection":[{"href":"https:\/\/www.tushuesten.de\/web\/wp-json\/wp\/v2\/posts"}],"about":[{"href":"https:\/\/www.tushuesten.de\/web\/wp-json\/wp\/v2\/types\/post"}],"author":[{"embeddable":true,"href":"https:\/\/www.tushuesten.de\/web\/wp-json\/wp\/v2\/users\/2"}],"replies":[{"embeddable":true,"href":"https:\/\/www.tushuesten.de\/web\/wp-json\/wp\/v2\/comments?post=949"}],"version-history":[{"count":2,"href":"https:\/\/www.tushuesten.de\/web\/wp-json\/wp\/v2\/posts\/949\/revisions"}],"predecessor-version":[{"id":952,"href":"https:\/\/www.tushuesten.de\/web\/wp-json\/wp\/v2\/posts\/949\/revisions\/952"}],"wp:attachment":[{"href":"https:\/\/www.tushuesten.de\/web\/wp-json\/wp\/v2\/media?parent=949"}],"wp:term":[{"taxonomy":"category","embeddable":true,"href":"https:\/\/www.tushuesten.de\/web\/wp-json\/wp\/v2\/categories?post=949"},{"taxonomy":"post_tag","embeddable":true,"href":"https:\/\/www.tushuesten.de\/web\/wp-json\/wp\/v2\/tags?post=949"}],"curies":[{"name":"wp","href":"https:\/\/api.w.org\/{rel}","templated":true}]}}