{"id":941,"date":"2025-08-14T11:46:56","date_gmt":"2025-08-14T09:46:56","guid":{"rendered":"https:\/\/www.tushuesten.de\/web\/?p=941"},"modified":"2025-08-14T11:46:56","modified_gmt":"2025-08-14T09:46:56","slug":"beitragserhoehung","status":"publish","type":"post","link":"https:\/\/www.tushuesten.de\/web\/2025\/08\/14\/beitragserhoehung\/","title":{"rendered":"Beitragserh\u00f6hung"},"content":{"rendered":"<p>Auf der diesj\u00e4hrigen Jahreshauptversammlung wurde ebenfalls eine Beitragserh\u00f6hung aufgrund allgemeiner Preissteigerungen in allen Bereichen angesprochen. Diese Erh\u00f6hung wurde auch einstimmig abgestimmt.<\/p>\n<p>Der Beitrag f\u00fcr Erwachsene erh\u00f6ht sich jeweils um 1\u20ac\/ Monat auf 8\u20ac und f\u00fcr Kinder\/Jugendliche um 0,50\u20ac\/ Monat auf 5\u20ac.<\/p>\n<p>&nbsp;<\/p>\n","protected":false},"excerpt":{"rendered":"<p>Auf der diesj\u00e4hrigen Jahreshauptversammlung wurde ebenfalls eine Beitragserh\u00f6hung aufgrund allgemeiner Preissteigerungen in allen Bereichen angesprochen. Diese Erh\u00f6hung wurde auch einstimmig abgestimmt. Der Beitrag f\u00fcr Erwachsene erh\u00f6ht sich jeweils um 1\u20ac\/ Monat auf 8\u20ac und f\u00fcr<\/p>\n","protected":false},"author":2,"featured_media":0,"comment_status":"closed","ping_status":"closed","sticky":false,"template":"","format":"standard","meta":[],"categories":[1],"tags":[],"_links":{"self":[{"href":"https:\/\/www.tushuesten.de\/web\/wp-json\/wp\/v2\/posts\/941"}],"collection":[{"href":"https:\/\/www.tushuesten.de\/web\/wp-json\/wp\/v2\/posts"}],"about":[{"href":"https:\/\/www.tushuesten.de\/web\/wp-json\/wp\/v2\/types\/post"}],"author":[{"embeddable":true,"href":"https:\/\/www.tushuesten.de\/web\/wp-json\/wp\/v2\/users\/2"}],"replies":[{"embeddable":true,"href":"https:\/\/www.tushuesten.de\/web\/wp-json\/wp\/v2\/comments?post=941"}],"version-history":[{"count":1,"href":"https:\/\/www.tushuesten.de\/web\/wp-json\/wp\/v2\/posts\/941\/revisions"}],"predecessor-version":[{"id":943,"href":"https:\/\/www.tushuesten.de\/web\/wp-json\/wp\/v2\/posts\/941\/revisions\/943"}],"wp:attachment":[{"href":"https:\/\/www.tushuesten.de\/web\/wp-json\/wp\/v2\/media?parent=941"}],"wp:term":[{"taxonomy":"category","embeddable":true,"href":"https:\/\/www.tushuesten.de\/web\/wp-json\/wp\/v2\/categories?post=941"},{"taxonomy":"post_tag","embeddable":true,"href":"https:\/\/www.tushuesten.de\/web\/wp-json\/wp\/v2\/tags?post=941"}],"curies":[{"name":"wp","href":"https:\/\/api.w.org\/{rel}","templated":true}]}}