{"id":938,"date":"2025-08-13T20:50:50","date_gmt":"2025-08-13T18:50:50","guid":{"rendered":"https:\/\/www.tushuesten.de\/web\/?p=938"},"modified":"2025-08-13T20:50:50","modified_gmt":"2025-08-13T18:50:50","slug":"jahreshauptversammlung-2025-2","status":"publish","type":"post","link":"https:\/\/www.tushuesten.de\/web\/2025\/08\/13\/jahreshauptversammlung-2025-2\/","title":{"rendered":"Jahreshauptversammlung 2025"},"content":{"rendered":"<p>Jahreshauptversammlung 2025<\/p>\n<p>Am Samstag, 05.07. fand die j\u00e4hrliche Hauptversammlung unseres Vereins statt. Nach dem Totengedenken wurden Berichte der Gesch\u00e4ftsf\u00fchrung, der Vorsitzende Sport und des Kassierers vorgetragen.<\/p>\n<p>In diesem Jahr wurde folgende Ehrungen erteilt:<br \/>\n20 Jahre Mitgliedschaft: Anita Siepmann,Winfried Fricke<br \/>\n25 Jahre Mitgliedschaft:Eva Hieronymus, Ulrike Hellmann, Gretel Ulrich<br \/>\n40 Jahre Mitgliedschaft: Ingrid Ern,Martin Humpert<br \/>\n50 Jahre Mitglied: Juliane Mimberg<br \/>\n60 Jahre Mitglied: Karl-Heinz Twente<br \/>\n65 Jahre Vereinsmitglied: Franz-Wilhelm R\u00f6der\u00a0 \u00a0 \u00a0 \u00a0 \u00a0 \u00a0 \u00a0 \u00a0 \u00a0 \u00a0 \u00a0 \u00a0 \u00a0 \u00a0 \u00a0 \u00a0 \u00a0 \u00a0 \u00a0 \u00a0 \u00a0 \u00a0 \u00a0 \u00a0 \u00a0 \u00a0 \u00a0 \u00a0 \u00a0 \u00a0 \u00a0 \u00a0 \u00a0 75 Jahre Mitglied: Friedhelm B\u00fcnger<\/p>\n<p>Die Vereinsmedaillen erhielten Ingrid Binhold, Elvira Tulke und Elke Hose<\/p>\n<p>Der vereinsinterne Franz-Voss-Pokal ging an Herbert Kneer f\u00fcr seine bisher achtj\u00e4hrige T\u00e4tigkeit als Kassierer im Vorstand.<\/p>\n<p>Den Ehrenbrief des Sauerl\u00e4nder Turngaus erhielten Yannick Feldmann und Petra Sch\u00fcttelh\u00f6fer.<\/p>\n<p>Die Bronzenadel des WTB erhielt Christina Aukam.<\/p>\n<p>Ulrike Fricke leitet die Frauengesundheitsriege seit 25 Jahren.<\/p>\n<p>Im Anschluss wurden die Wahlen des Vorstandes abgehalten. Alle bisherigen Vorstandsmitglieder wurden wiedergew\u00e4hlt.<\/p>\n<p>Die Jahreshauptversammlung endete mit einem geselligen Beisammensein.<a href=\"https:\/\/www.tushuesten.de\/web\/wp-content\/uploads\/2025\/08\/IMG-20250705-WA0045.jpg\"><img decoding=\"async\" loading=\"lazy\" class=\"alignnone size-full wp-image-939\" src=\"https:\/\/www.tushuesten.de\/web\/wp-content\/uploads\/2025\/08\/IMG-20250705-WA0045.jpg\" alt=\"\" width=\"1536\" height=\"2048\" srcset=\"https:\/\/www.tushuesten.de\/web\/wp-content\/uploads\/2025\/08\/IMG-20250705-WA0045.jpg 1536w, https:\/\/www.tushuesten.de\/web\/wp-content\/uploads\/2025\/08\/IMG-20250705-WA0045-225x300.jpg 225w, https:\/\/www.tushuesten.de\/web\/wp-content\/uploads\/2025\/08\/IMG-20250705-WA0045-768x1024.jpg 768w, https:\/\/www.tushuesten.de\/web\/wp-content\/uploads\/2025\/08\/IMG-20250705-WA0045-1152x1536.jpg 1152w\" sizes=\"(max-width: 1536px) 100vw, 1536px\" \/><\/a><\/p>\n","protected":false},"excerpt":{"rendered":"<p>Jahreshauptversammlung 2025 Am Samstag, 05.07. fand die j\u00e4hrliche Hauptversammlung unseres Vereins statt. Nach dem Totengedenken wurden Berichte der Gesch\u00e4ftsf\u00fchrung, der Vorsitzende Sport und des Kassierers vorgetragen. In diesem Jahr wurde folgende Ehrungen erteilt: 20 Jahre<\/p>\n","protected":false},"author":2,"featured_media":0,"comment_status":"closed","ping_status":"closed","sticky":false,"template":"","format":"standard","meta":[],"categories":[1],"tags":[],"_links":{"self":[{"href":"https:\/\/www.tushuesten.de\/web\/wp-json\/wp\/v2\/posts\/938"}],"collection":[{"href":"https:\/\/www.tushuesten.de\/web\/wp-json\/wp\/v2\/posts"}],"about":[{"href":"https:\/\/www.tushuesten.de\/web\/wp-json\/wp\/v2\/types\/post"}],"author":[{"embeddable":true,"href":"https:\/\/www.tushuesten.de\/web\/wp-json\/wp\/v2\/users\/2"}],"replies":[{"embeddable":true,"href":"https:\/\/www.tushuesten.de\/web\/wp-json\/wp\/v2\/comments?post=938"}],"version-history":[{"count":1,"href":"https:\/\/www.tushuesten.de\/web\/wp-json\/wp\/v2\/posts\/938\/revisions"}],"predecessor-version":[{"id":940,"href":"https:\/\/www.tushuesten.de\/web\/wp-json\/wp\/v2\/posts\/938\/revisions\/940"}],"wp:attachment":[{"href":"https:\/\/www.tushuesten.de\/web\/wp-json\/wp\/v2\/media?parent=938"}],"wp:term":[{"taxonomy":"category","embeddable":true,"href":"https:\/\/www.tushuesten.de\/web\/wp-json\/wp\/v2\/categories?post=938"},{"taxonomy":"post_tag","embeddable":true,"href":"https:\/\/www.tushuesten.de\/web\/wp-json\/wp\/v2\/tags?post=938"}],"curies":[{"name":"wp","href":"https:\/\/api.w.org\/{rel}","templated":true}]}}